{"id":11437,"date":"2021-12-15T11:49:41","date_gmt":"2021-12-15T10:49:41","guid":{"rendered":"https:\/\/www.bridge4mobility.com\/?p=11437"},"modified":"2022-08-19T04:28:08","modified_gmt":"2022-08-19T02:28:08","slug":"comienza-catazubi2022-fp-dual-en-alemania","status":"publish","type":"post","link":"https:\/\/b4mazubi.eu\/es\/comienza-catazubi2022-fp-dual-en-alemania\/","title":{"rendered":"\u00a1Comienza CATAZUBI2022! &#8211; FP dual en Alemania"},"content":{"rendered":"<p>Esta semana el proyecto<strong> CATAZUBI2022<\/strong> ha dado el pistoletazo de salida, ofreciendo plazas de <strong>Formaci\u00f3n Profesional dual<\/strong> a los j\u00f3venes que quieran aprovechar esta oportunidad.<\/p>\n<p>Como todos los programas CATAZUBI que hemos realizado hasta la fecha, en este caso tambi\u00e9n est\u00e1 <strong>100% subvencionado<\/strong> por el SOC (Servicio de Ocupaci\u00f3n de Catalunya) junto con Garant\u00eda Juvenil. Por lo tanto, se trata de una oportunidad \u00fanica para aquellos\/as j\u00f3venes que busquen una experiencia laboral con garant\u00edas en el extranjero.<\/p>\n<p>Todos\/as los\/las interesados\/as deben cumplir una serie de <strong>requisitos<\/strong> para poder optar a una plaza: tener entre 18 y 29 a\u00f1os de edad, estudios m\u00ednimos de ESO, residir en Catalunya, inscribirse en el SOC y en Garant\u00eda Juvenil, y tener mucha motivaci\u00f3n por salir de su zona de confort y emprender esta <strong>experiencia internacional<\/strong>. Tras una breve entrevista y ser seleccionados\/as, tendr\u00e1n que estudiar alem\u00e1n asistiendo a un<strong> curso intensivo<\/strong> y as\u00ed poder alcanzar un nivel B1 de este idioma en aproximadamente 5 meses. Al terminarlo, se trasladaran a Alemania para empezar sus formaciones profesionales como <strong>aprendices<\/strong> en la profesi\u00f3n que hayan elegido. All\u00ed, dispondr\u00e1n de una <strong>vivienda<\/strong> (normalmente un piso compartido con otros estudiantes) con una habitaci\u00f3n individual, adem\u00e1s tendr\u00e1n un <strong>salario<\/strong> de aprendiz durante toda la formaci\u00f3n que les permitir\u00e1 vivir de manera independiente.<\/p>\n<p>En las <strong>sesiones informativas<\/strong>\u00a0insistimos mucho en que, si toman la decisi\u00f3n de apuntarse, se <strong>comprometan<\/strong> con el proyecto y tengan mucha <strong>motivaci\u00f3n<\/strong> para aprender un idioma como el alem\u00e1n. Gracias a nuestros cursos intensivos y la experiencia que ya tenemos, disponemos de <strong>profesores altamente cualificados<\/strong> en este tipo de formaci\u00f3n que saben c\u00f3mo enfocar el curso para que al alumno\/a le sea m\u00e1s sencillo absorber la mayor\u00eda de conocimientos posibles sobre la lengua. Pero <strong>es b\u00e1sico que el\/la alumno\/a asista a todas las clases, haga deberes y dedique tiempo de estudio en casa<\/strong>.<\/p>\n<p>&nbsp;<\/p>\n<p><img decoding=\"async\" class=\"size-medium wp-image-105598 alignleft\" src=\"https:\/\/b4mazubi.eu\/wp-content\/uploads\/2021\/12\/esp-300x221.webp\" alt=\"\" width=\"300\" height=\"221\" srcset=\"https:\/\/b4mazubi.eu\/wp-content\/uploads\/2021\/12\/esp-300x221.webp 300w, https:\/\/b4mazubi.eu\/wp-content\/uploads\/2021\/12\/esp-1024x754.webp 1024w, https:\/\/b4mazubi.eu\/wp-content\/uploads\/2021\/12\/esp-768x565.webp 768w, https:\/\/b4mazubi.eu\/wp-content\/uploads\/2021\/12\/esp-1536x1130.webp 1536w, https:\/\/b4mazubi.eu\/wp-content\/uploads\/2021\/12\/esp.webp 1780w\" sizes=\"(max-width: 300px) 100vw, 300px\" \/><\/p>\n<p>&nbsp;<\/p>\n<p><strong>Las plazas de FP dual que ofrece el programa actualmente son:<\/strong><\/p>\n<p>&#8211; Experto\/a en restauraci\u00f3n<\/p>\n<p>&#8211; Experto\/a en hosteler\u00eda<\/p>\n<p>&#8211; Cocinero\/a profesional<\/p>\n<p>&#8211; T\u00e9cnico\/a en mecatr\u00f3nica<\/p>\n<p>&#8211; T\u00e9cnico\/a especialista en pl\u00e1stico y caucho<\/p>\n<p>&#8211; T\u00e9cnico\/a especialista en gesti\u00f3n de piscinas y zonas de ba\u00f1o<\/p>\n<p>&#8211; Pintor\/a profesional<\/p>\n<p>&#8211; Experto\/a en log\u00edstica de almacenamiento<\/p>\n<p>&#8211; Enfermero\/a profesional<\/p>\n<p>&nbsp;<\/p>\n<p>&nbsp;<\/p>\n<p>Durante el proceso de selecci\u00f3n, hay posibilidad de que se habiliten nuevas plazas en otras profesiones. \u00a1No dejes de seguirnos para averiguarlas!<\/p>\n<p>Es <strong>muy importante<\/strong> que el\/la candidato\/a tenga <strong>atracci\u00f3n por la profesi\u00f3n<\/strong> que elige, dado que va a tener que desempe\u00f1arla durante, como m\u00ednimo, los pr\u00f3ximos 3 a\u00f1os.<\/p>\n<p>En <strong>Bridge4Mobility<\/strong>, tras la entrevista personal, podemos ofrecer una sesi\u00f3n de orientaci\u00f3n laboral para ver cu\u00e1l es el mejor camino a tomar seg\u00fan el perfil de cada persona.<\/p>\n<p>Animamos a todos\/as aquellos\/as interesados que cumplan los requisitos citados anteriormente, a que asistan a alguna de las pr\u00f3ximas sesiones informativas.<\/p>\n<p><strong>Para consultar las sesiones informativas y confirmar asistencia, <a href=\"https:\/\/www.bridge4mobility.com\/es\/event\/?ca22\">clica aqu\u00ed<\/a>.<\/strong><\/p>\n<p>En cuanto lo hayas hecho, te llegar\u00e1 un e-mail con el enlace directo a la sesi\u00f3n informativa. Solemos realizarlas a trav\u00e9s de la plataforma Zoom (si no la tienes descargada en tu smartphone, puedes entrar desde su web).<\/p>\n<p>\u00a1Os esperamos!<\/p>\n","protected":false},"excerpt":{"rendered":"<p>Esta semana el proyecto CATAZUBI2022 ha dado el pistoletazo de salida, ofreciendo plazas de Formaci\u00f3n Profesional dual a los j\u00f3venes [&hellip;]<\/p>\n","protected":false},"author":2,"featured_media":105596,"comment_status":"closed","ping_status":"closed","sticky":false,"template":"","format":"standard","meta":{"footnotes":""},"categories":[162],"tags":[179,180,181,157,159,160,177,178],"yoast_head":"<!-- This site is optimized with the Yoast SEO plugin v23.5 - https:\/\/yoast.com\/wordpress\/plugins\/seo\/ -->\n<title>\u00a1Comienza CATAZUBI2022! - FP dual en Alemania - B4M Azubi<\/title>\n<meta name=\"robots\" content=\"index, follow, max-snippet:-1, max-image-preview:large, max-video-preview:-1\" \/>\n<link rel=\"canonical\" href=\"https:\/\/b4mazubi.eu\/es\/comienza-catazubi2022-fp-dual-en-alemania\/\" \/>\n<meta property=\"og:locale\" content=\"es_ES\" \/>\n<meta property=\"og:type\" content=\"article\" \/>\n<meta property=\"og:title\" content=\"\u00a1Comienza CATAZUBI2022! - FP dual en Alemania - B4M Azubi\" \/>\n<meta property=\"og:description\" content=\"Esta semana el proyecto CATAZUBI2022 ha dado el pistoletazo de salida, ofreciendo plazas de Formaci\u00f3n Profesional dual a los j\u00f3venes [&hellip;]\" \/>\n<meta property=\"og:url\" content=\"https:\/\/b4mazubi.eu\/es\/comienza-catazubi2022-fp-dual-en-alemania\/\" \/>\n<meta property=\"og:site_name\" content=\"B4M Azubi\" \/>\n<meta property=\"article:publisher\" content=\"https:\/\/www.facebook.com\/b4m.es\/\" \/>\n<meta property=\"article:published_time\" content=\"2021-12-15T10:49:41+00:00\" \/>\n<meta property=\"article:modified_time\" content=\"2022-08-19T02:28:08+00:00\" \/>\n<meta property=\"og:image\" content=\"https:\/\/b4mazubi.eu\/wp-content\/uploads\/2021\/12\/blog_esp.webp\" \/>\n\t<meta property=\"og:image:width\" content=\"820\" \/>\n\t<meta property=\"og:image:height\" content=\"355\" \/>\n\t<meta property=\"og:image:type\" content=\"image\/webp\" \/>\n<meta name=\"author\" content=\"Rosa\" \/>\n<meta name=\"twitter:card\" content=\"summary_large_image\" \/>\n<meta name=\"twitter:label1\" content=\"Escrito por\" \/>\n\t<meta name=\"twitter:data1\" content=\"Rosa\" \/>\n\t<meta name=\"twitter:label2\" content=\"Tiempo de lectura\" \/>\n\t<meta name=\"twitter:data2\" content=\"3 minutos\" \/>\n<script type=\"application\/ld+json\" class=\"yoast-schema-graph\">{\"@context\":\"https:\/\/schema.org\",\"@graph\":[{\"@type\":\"Article\",\"@id\":\"https:\/\/b4mazubi.eu\/es\/comienza-catazubi2022-fp-dual-en-alemania\/#article\",\"isPartOf\":{\"@id\":\"https:\/\/b4mazubi.eu\/es\/comienza-catazubi2022-fp-dual-en-alemania\/\"},\"author\":{\"name\":\"Rosa\",\"@id\":\"https:\/\/b4mazubi.eu\/es\/#\/schema\/person\/54754db3726e6d5c4be3a4923bcc930b\"},\"headline\":\"\u00a1Comienza CATAZUBI2022! &#8211; FP dual en Alemania\",\"datePublished\":\"2021-12-15T10:49:41+00:00\",\"dateModified\":\"2022-08-19T02:28:08+00:00\",\"mainEntityOfPage\":{\"@id\":\"https:\/\/b4mazubi.eu\/es\/comienza-catazubi2022-fp-dual-en-alemania\/\"},\"wordCount\":590,\"publisher\":{\"@id\":\"https:\/\/b4mazubi.eu\/es\/#organization\"},\"image\":{\"@id\":\"https:\/\/b4mazubi.eu\/es\/comienza-catazubi2022-fp-dual-en-alemania\/#primaryimage\"},\"thumbnailUrl\":\"https:\/\/b4mazubi.eu\/wp-content\/uploads\/2021\/12\/blog_esp.webp\",\"keywords\":[\"Duale Ausbildung\",\"fp dual\",\"subvencionado\",\"Alemania\",\"futuro\",\"oportunidad\",\"aprendiz\",\"AZUBI\"],\"articleSection\":[\"Noticias y Proyectos B4M\"],\"inLanguage\":\"es\"},{\"@type\":\"WebPage\",\"@id\":\"https:\/\/b4mazubi.eu\/es\/comienza-catazubi2022-fp-dual-en-alemania\/\",\"url\":\"https:\/\/b4mazubi.eu\/es\/comienza-catazubi2022-fp-dual-en-alemania\/\",\"name\":\"\u00a1Comienza CATAZUBI2022! - FP dual en Alemania - B4M Azubi\",\"isPartOf\":{\"@id\":\"https:\/\/b4mazubi.eu\/es\/#website\"},\"primaryImageOfPage\":{\"@id\":\"https:\/\/b4mazubi.eu\/es\/comienza-catazubi2022-fp-dual-en-alemania\/#primaryimage\"},\"image\":{\"@id\":\"https:\/\/b4mazubi.eu\/es\/comienza-catazubi2022-fp-dual-en-alemania\/#primaryimage\"},\"thumbnailUrl\":\"https:\/\/b4mazubi.eu\/wp-content\/uploads\/2021\/12\/blog_esp.webp\",\"datePublished\":\"2021-12-15T10:49:41+00:00\",\"dateModified\":\"2022-08-19T02:28:08+00:00\",\"breadcrumb\":{\"@id\":\"https:\/\/b4mazubi.eu\/es\/comienza-catazubi2022-fp-dual-en-alemania\/#breadcrumb\"},\"inLanguage\":\"es\",\"potentialAction\":[{\"@type\":\"ReadAction\",\"target\":[\"https:\/\/b4mazubi.eu\/es\/comienza-catazubi2022-fp-dual-en-alemania\/\"]}]},{\"@type\":\"ImageObject\",\"inLanguage\":\"es\",\"@id\":\"https:\/\/b4mazubi.eu\/es\/comienza-catazubi2022-fp-dual-en-alemania\/#primaryimage\",\"url\":\"https:\/\/b4mazubi.eu\/wp-content\/uploads\/2021\/12\/blog_esp.webp\",\"contentUrl\":\"https:\/\/b4mazubi.eu\/wp-content\/uploads\/2021\/12\/blog_esp.webp\",\"width\":820,\"height\":355},{\"@type\":\"BreadcrumbList\",\"@id\":\"https:\/\/b4mazubi.eu\/es\/comienza-catazubi2022-fp-dual-en-alemania\/#breadcrumb\",\"itemListElement\":[{\"@type\":\"ListItem\",\"position\":1,\"name\":\"Inicio\",\"item\":\"https:\/\/b4mazubi.eu\/es\/\"},{\"@type\":\"ListItem\",\"position\":2,\"name\":\"\u00a1Comienza CATAZUBI2022! &#8211; FP dual en Alemania\"}]},{\"@type\":\"WebSite\",\"@id\":\"https:\/\/b4mazubi.eu\/es\/#website\",\"url\":\"https:\/\/b4mazubi.eu\/es\/\",\"name\":\"B4M Azubi\",\"description\":\"Tu futuro profesional en Alemania y Austria\",\"publisher\":{\"@id\":\"https:\/\/b4mazubi.eu\/es\/#organization\"},\"potentialAction\":[{\"@type\":\"SearchAction\",\"target\":{\"@type\":\"EntryPoint\",\"urlTemplate\":\"https:\/\/b4mazubi.eu\/es\/?s={search_term_string}\"},\"query-input\":{\"@type\":\"PropertyValueSpecification\",\"valueRequired\":true,\"valueName\":\"search_term_string\"}}],\"inLanguage\":\"es\"},{\"@type\":\"Organization\",\"@id\":\"https:\/\/b4mazubi.eu\/es\/#organization\",\"name\":\"B4M Azubi\",\"url\":\"https:\/\/b4mazubi.eu\/es\/\",\"logo\":{\"@type\":\"ImageObject\",\"inLanguage\":\"es\",\"@id\":\"https:\/\/b4mazubi.eu\/es\/#\/schema\/logo\/image\/\",\"url\":\"https:\/\/b4mazubi.eu\/wp-content\/uploads\/2022\/08\/B4M-Logo-lightBG.png\",\"contentUrl\":\"https:\/\/b4mazubi.eu\/wp-content\/uploads\/2022\/08\/B4M-Logo-lightBG.png\",\"width\":2504,\"height\":692,\"caption\":\"B4M Azubi\"},\"image\":{\"@id\":\"https:\/\/b4mazubi.eu\/es\/#\/schema\/logo\/image\/\"},\"sameAs\":[\"https:\/\/www.facebook.com\/b4m.es\/\",\"https:\/\/www.instagram.com\/b4meurope\/\"]},{\"@type\":\"Person\",\"@id\":\"https:\/\/b4mazubi.eu\/es\/#\/schema\/person\/54754db3726e6d5c4be3a4923bcc930b\",\"name\":\"Rosa\",\"url\":\"https:\/\/b4mazubi.eu\/es\/author\/rsanchez\/\"}]}<\/script>\n<!-- \/ Yoast SEO plugin. -->","yoast_head_json":{"title":"\u00a1Comienza CATAZUBI2022! - FP dual en Alemania - B4M Azubi","robots":{"index":"index","follow":"follow","max-snippet":"max-snippet:-1","max-image-preview":"max-image-preview:large","max-video-preview":"max-video-preview:-1"},"canonical":"https:\/\/b4mazubi.eu\/es\/comienza-catazubi2022-fp-dual-en-alemania\/","og_locale":"es_ES","og_type":"article","og_title":"\u00a1Comienza CATAZUBI2022! - FP dual en Alemania - B4M Azubi","og_description":"Esta semana el proyecto CATAZUBI2022 ha dado el pistoletazo de salida, ofreciendo plazas de Formaci\u00f3n Profesional dual a los j\u00f3venes [&hellip;]","og_url":"https:\/\/b4mazubi.eu\/es\/comienza-catazubi2022-fp-dual-en-alemania\/","og_site_name":"B4M Azubi","article_publisher":"https:\/\/www.facebook.com\/b4m.es\/","article_published_time":"2021-12-15T10:49:41+00:00","article_modified_time":"2022-08-19T02:28:08+00:00","og_image":[{"width":820,"height":355,"url":"https:\/\/b4mazubi.eu\/wp-content\/uploads\/2021\/12\/blog_esp.webp","type":"image\/webp"}],"author":"Rosa","twitter_card":"summary_large_image","twitter_misc":{"Escrito por":"Rosa","Tiempo de lectura":"3 minutos"},"schema":{"@context":"https:\/\/schema.org","@graph":[{"@type":"Article","@id":"https:\/\/b4mazubi.eu\/es\/comienza-catazubi2022-fp-dual-en-alemania\/#article","isPartOf":{"@id":"https:\/\/b4mazubi.eu\/es\/comienza-catazubi2022-fp-dual-en-alemania\/"},"author":{"name":"Rosa","@id":"https:\/\/b4mazubi.eu\/es\/#\/schema\/person\/54754db3726e6d5c4be3a4923bcc930b"},"headline":"\u00a1Comienza CATAZUBI2022! &#8211; FP dual en Alemania","datePublished":"2021-12-15T10:49:41+00:00","dateModified":"2022-08-19T02:28:08+00:00","mainEntityOfPage":{"@id":"https:\/\/b4mazubi.eu\/es\/comienza-catazubi2022-fp-dual-en-alemania\/"},"wordCount":590,"publisher":{"@id":"https:\/\/b4mazubi.eu\/es\/#organization"},"image":{"@id":"https:\/\/b4mazubi.eu\/es\/comienza-catazubi2022-fp-dual-en-alemania\/#primaryimage"},"thumbnailUrl":"https:\/\/b4mazubi.eu\/wp-content\/uploads\/2021\/12\/blog_esp.webp","keywords":["Duale Ausbildung","fp dual","subvencionado","Alemania","futuro","oportunidad","aprendiz","AZUBI"],"articleSection":["Noticias y Proyectos B4M"],"inLanguage":"es"},{"@type":"WebPage","@id":"https:\/\/b4mazubi.eu\/es\/comienza-catazubi2022-fp-dual-en-alemania\/","url":"https:\/\/b4mazubi.eu\/es\/comienza-catazubi2022-fp-dual-en-alemania\/","name":"\u00a1Comienza CATAZUBI2022! - FP dual en Alemania - B4M Azubi","isPartOf":{"@id":"https:\/\/b4mazubi.eu\/es\/#website"},"primaryImageOfPage":{"@id":"https:\/\/b4mazubi.eu\/es\/comienza-catazubi2022-fp-dual-en-alemania\/#primaryimage"},"image":{"@id":"https:\/\/b4mazubi.eu\/es\/comienza-catazubi2022-fp-dual-en-alemania\/#primaryimage"},"thumbnailUrl":"https:\/\/b4mazubi.eu\/wp-content\/uploads\/2021\/12\/blog_esp.webp","datePublished":"2021-12-15T10:49:41+00:00","dateModified":"2022-08-19T02:28:08+00:00","breadcrumb":{"@id":"https:\/\/b4mazubi.eu\/es\/comienza-catazubi2022-fp-dual-en-alemania\/#breadcrumb"},"inLanguage":"es","potentialAction":[{"@type":"ReadAction","target":["https:\/\/b4mazubi.eu\/es\/comienza-catazubi2022-fp-dual-en-alemania\/"]}]},{"@type":"ImageObject","inLanguage":"es","@id":"https:\/\/b4mazubi.eu\/es\/comienza-catazubi2022-fp-dual-en-alemania\/#primaryimage","url":"https:\/\/b4mazubi.eu\/wp-content\/uploads\/2021\/12\/blog_esp.webp","contentUrl":"https:\/\/b4mazubi.eu\/wp-content\/uploads\/2021\/12\/blog_esp.webp","width":820,"height":355},{"@type":"BreadcrumbList","@id":"https:\/\/b4mazubi.eu\/es\/comienza-catazubi2022-fp-dual-en-alemania\/#breadcrumb","itemListElement":[{"@type":"ListItem","position":1,"name":"Inicio","item":"https:\/\/b4mazubi.eu\/es\/"},{"@type":"ListItem","position":2,"name":"\u00a1Comienza CATAZUBI2022! &#8211; FP dual en Alemania"}]},{"@type":"WebSite","@id":"https:\/\/b4mazubi.eu\/es\/#website","url":"https:\/\/b4mazubi.eu\/es\/","name":"B4M Azubi","description":"Tu futuro profesional en Alemania y Austria","publisher":{"@id":"https:\/\/b4mazubi.eu\/es\/#organization"},"potentialAction":[{"@type":"SearchAction","target":{"@type":"EntryPoint","urlTemplate":"https:\/\/b4mazubi.eu\/es\/?s={search_term_string}"},"query-input":{"@type":"PropertyValueSpecification","valueRequired":true,"valueName":"search_term_string"}}],"inLanguage":"es"},{"@type":"Organization","@id":"https:\/\/b4mazubi.eu\/es\/#organization","name":"B4M Azubi","url":"https:\/\/b4mazubi.eu\/es\/","logo":{"@type":"ImageObject","inLanguage":"es","@id":"https:\/\/b4mazubi.eu\/es\/#\/schema\/logo\/image\/","url":"https:\/\/b4mazubi.eu\/wp-content\/uploads\/2022\/08\/B4M-Logo-lightBG.png","contentUrl":"https:\/\/b4mazubi.eu\/wp-content\/uploads\/2022\/08\/B4M-Logo-lightBG.png","width":2504,"height":692,"caption":"B4M Azubi"},"image":{"@id":"https:\/\/b4mazubi.eu\/es\/#\/schema\/logo\/image\/"},"sameAs":["https:\/\/www.facebook.com\/b4m.es\/","https:\/\/www.instagram.com\/b4meurope\/"]},{"@type":"Person","@id":"https:\/\/b4mazubi.eu\/es\/#\/schema\/person\/54754db3726e6d5c4be3a4923bcc930b","name":"Rosa","url":"https:\/\/b4mazubi.eu\/es\/author\/rsanchez\/"}]}},"_links":{"self":[{"href":"https:\/\/b4mazubi.eu\/es\/wp-json\/wp\/v2\/posts\/11437"}],"collection":[{"href":"https:\/\/b4mazubi.eu\/es\/wp-json\/wp\/v2\/posts"}],"about":[{"href":"https:\/\/b4mazubi.eu\/es\/wp-json\/wp\/v2\/types\/post"}],"author":[{"embeddable":true,"href":"https:\/\/b4mazubi.eu\/es\/wp-json\/wp\/v2\/users\/2"}],"replies":[{"embeddable":true,"href":"https:\/\/b4mazubi.eu\/es\/wp-json\/wp\/v2\/comments?post=11437"}],"version-history":[{"count":2,"href":"https:\/\/b4mazubi.eu\/es\/wp-json\/wp\/v2\/posts\/11437\/revisions"}],"predecessor-version":[{"id":105601,"href":"https:\/\/b4mazubi.eu\/es\/wp-json\/wp\/v2\/posts\/11437\/revisions\/105601"}],"wp:featuredmedia":[{"embeddable":true,"href":"https:\/\/b4mazubi.eu\/es\/wp-json\/wp\/v2\/media\/105596"}],"wp:attachment":[{"href":"https:\/\/b4mazubi.eu\/es\/wp-json\/wp\/v2\/media?parent=11437"}],"wp:term":[{"taxonomy":"category","embeddable":true,"href":"https:\/\/b4mazubi.eu\/es\/wp-json\/wp\/v2\/categories?post=11437"},{"taxonomy":"post_tag","embeddable":true,"href":"https:\/\/b4mazubi.eu\/es\/wp-json\/wp\/v2\/tags?post=11437"}],"curies":[{"name":"wp","href":"https:\/\/api.w.org\/{rel}","templated":true}]}}