{"id":11448,"date":"2021-12-15T11:49:41","date_gmt":"2021-12-15T10:49:41","guid":{"rendered":"https:\/\/www.bridge4mobility.com\/comienza-catazubi2022-fp-dual-en-alemania\/"},"modified":"2022-08-19T13:17:47","modified_gmt":"2022-08-19T11:17:47","slug":"comienza-catazubi2022-fp-dual-a-alemanya","status":"publish","type":"post","link":"https:\/\/b4mazubi.eu\/ca\/comienza-catazubi2022-fp-dual-a-alemanya\/","title":{"rendered":"Comen\u00e7a CATAZUBI2022! &#8211; FP dual a Alemanya"},"content":{"rendered":"<p>Aquesta setmana el projecte<strong>\u00a0CATAZUBI2022<\/strong> ha fet el tret de sortida, oferint places de <strong>Formaci\u00f3 Professional dual<\/strong> als joves que vulguin aprofitar aquesta oportunitat.<\/p>\n<p>Com tots els programes CATAZUBI que hem realitzat fins ara, en aquest cas tamb\u00e9 est\u00e0\u00a0<strong>100% subvencionat<\/strong>\u00a0pel SOC (Servei d&#8217;Ocupaci\u00f3 de Catalunya) juntament amb Garantia Juvenil. Per tant, es tracta d&#8217;una oportunitat \u00fanica per a aquells\/es joves que busquen una experi\u00e8ncia laboral amb garanties a l&#8217;estranger.<\/p>\n<p>Tots\/es els\/les interessats\/des han de complir una s\u00e8rie de <strong>requisits<\/strong> per a poder optar a una pla\u00e7a: tenir entre 18 i 29 anys d&#8217;edat, estudis m\u00ednims d&#8217;ESO, residir a Catalunya, inscriu-re&#8217;s al SOC i a Garant\u00eda Juvenil, i tenir molta motivaci\u00f3 per sortir de la seva zona de confort i emprendre aquesta experi\u00e8ncia internacional. Despr\u00e9s d&#8217;una breu entrevista i ser seleccionats\/des, hauran d&#8217;estudiar alemany assistint a un<strong> curs intensiu<\/strong>\u00a0i aix\u00ed poder assolir un nivell B1 d&#8217;aquest idioma en aproximadament 5 mesos. En acabar, es traslladaran a Alemanya per a comen\u00e7ar les seves formacions professionals com\u00a0<strong>aprenents<\/strong> en la professi\u00f3 que hagin escollit. All\u00e0, disposaran d&#8217;una <strong>vivienda<\/strong> (normalment un pis compartit amb altres estudiants) amb una habitaci\u00f3 individual. A m\u00e9s, tindran un <strong>salari<\/strong>\u00a0d&#8217;aprenent durant tota la formaci\u00f3 que els permetr\u00e0 viure de manera independient.<\/p>\n<p>A les\u00a0<strong>sessions informatives<\/strong> que hem iniciat aquesta setmana, insistim molt en que, si prenen la decisi\u00f3 d&#8217;apuntar-se, es\u00a0<strong>comprometin<\/strong> amb el projecte i tinguin molta\u00a0<strong>motivaci\u00f3<\/strong>\u00a0per a aprendre un idioma com l&#8217;alemany. Gr\u00e0cies als nostres cursos intensius i a l&#8217;experi\u00e8ncia que tenim, disposem de <strong>professors altament qualificats<\/strong> en aquest tipus de formaci\u00f3 que saben com enfocar el curs per tal de que a l&#8217;alumne\/a li sigui m\u00e9s senzill assolir els coneixements. Per\u00f2 <strong>\u00e9s b\u00e0sic que l&#8217;alumne\/a assisteixi a totes les classes, faci deures i dediqui temps d&#8217;estudi a casa<\/strong>.<\/p>\n<p>&nbsp;<\/p>\n<p>&nbsp;<\/p>\n<p>&nbsp;<\/p>\n<p><strong><img decoding=\"async\" class=\"alignleft size-medium wp-image-11427\" src=\"https:\/\/www.bridge4mobility.com\/wp-content\/uploads\/cat-300x221.png\" alt=\"\" width=\"300\" height=\"221\" \/>Les places de FP dual que ofereix el programa actualment s\u00f3n:<\/strong><\/p>\n<p>&#8211; Expert\/a en restauraci\u00f3<\/p>\n<p>&#8211; Expert\/a en hostaleria<\/p>\n<p>&#8211; Cuiner\/a professional<\/p>\n<p>&#8211; T\u00e8cnic\/a en mecatr\u00f2nica<\/p>\n<p>&#8211; T\u00e8cnic\/a especialista en pl\u00e0stico i cautx\u00fa<\/p>\n<p>&#8211; T\u00e8cnic\/a especialista en gesti\u00f3 de piscines i zones de bany<\/p>\n<p>&#8211; Pintor\/a professional<\/p>\n<p>&#8211; Expert\/a en log\u00edstica d\u00a1emmagatzematge<\/p>\n<p>&#8211; Infermer\/a professional<\/p>\n<p>&nbsp;<\/p>\n<p>&nbsp;<\/p>\n<p>Durant el proc\u00e9s de selecci\u00f3, hi ha possibilitat de que s&#8217;habilitin noves places en altres professions. No deixis de seguir-nos per averiguar-les!<\/p>\n<p>\u00c9s <strong>molt important<\/strong> que el\/la candidat\/a tingui\u00a0<strong>atracci\u00f3 per la professi\u00f3<\/strong>\u00a0que escull, ja que s&#8217;hi haur\u00e0 de dedicar com a m\u00ednim, durant els propers 3 anys.<\/p>\n<p>A\u00a0<strong>Bridge4Mobility<\/strong>, despr\u00e9s de l&#8217;entrevista personal, podem oferir una sessi\u00f3 d&#8217;orientaci\u00f3 laboral per veure quin \u00e9s el millor cam\u00ed laboral segons el perfil de cada persona.<\/p>\n<p>Animem a tots\/es aquells\/es interessats\/des que compleixin els requisits indicats anteriorment, a que es connectin a alguna de les properes sessions informatives.<\/p>\n<p><strong>Per a consultar les sessions informatives i confirmar asssit\u00e8ncia, <a href=\"https:\/\/www.bridge4mobility.com\/es\/event\/?ca22\">clica aqu\u00ed<\/a>.<\/strong><\/p>\n<p>Quan ho hagis fet, t&#8217;arribar\u00e0 un e-mail amb l&#8217;enlla\u00e7 directe a la sessi\u00f3 informativa. Acostumem a realitzar-les a trav\u00e9s de la plataforma Zoom (si no la tens descarregada al teu smartphone, hi pots accedir des de la seva web).<\/p>\n<p>Us hi esperem!<\/p>\n","protected":false},"excerpt":{"rendered":"<p>Aquesta setmana el projecte\u00a0CATAZUBI2022 ha fet el tret de sortida, oferint places de Formaci\u00f3 Professional dual als joves que vulguin [&hellip;]<\/p>\n","protected":false},"author":2,"featured_media":11450,"comment_status":"closed","ping_status":"closed","sticky":false,"template":"","format":"standard","meta":{"footnotes":""},"categories":[176],"tags":[],"yoast_head":"<!-- This site is optimized with the Yoast SEO plugin v23.5 - https:\/\/yoast.com\/wordpress\/plugins\/seo\/ -->\n<title>Comen\u00e7a CATAZUBI2022! - FP dual a Alemanya - B4M Azubi<\/title>\n<meta name=\"robots\" content=\"index, follow, max-snippet:-1, max-image-preview:large, max-video-preview:-1\" \/>\n<link rel=\"canonical\" href=\"https:\/\/b4mazubi.eu\/ca\/comienza-catazubi2022-fp-dual-a-alemanya\/\" \/>\n<meta property=\"og:locale\" content=\"ca_ES\" \/>\n<meta property=\"og:type\" content=\"article\" \/>\n<meta property=\"og:title\" content=\"Comen\u00e7a CATAZUBI2022! - FP dual a Alemanya - B4M Azubi\" \/>\n<meta property=\"og:description\" content=\"Aquesta setmana el projecte\u00a0CATAZUBI2022 ha fet el tret de sortida, oferint places de Formaci\u00f3 Professional dual als joves que vulguin [&hellip;]\" \/>\n<meta property=\"og:url\" content=\"https:\/\/b4mazubi.eu\/ca\/comienza-catazubi2022-fp-dual-a-alemanya\/\" \/>\n<meta property=\"og:site_name\" content=\"B4M Azubi\" \/>\n<meta property=\"article:publisher\" content=\"https:\/\/www.facebook.com\/b4m.es\/\" \/>\n<meta property=\"article:published_time\" content=\"2021-12-15T10:49:41+00:00\" \/>\n<meta property=\"article:modified_time\" content=\"2022-08-19T11:17:47+00:00\" \/>\n<meta property=\"og:image\" content=\"https:\/\/b4mazubi.eu\/wp-content\/uploads\/2022\/10\/MainWeb.jpg\" \/>\n\t<meta property=\"og:image:width\" content=\"2294\" \/>\n\t<meta property=\"og:image:height\" content=\"1155\" \/>\n\t<meta property=\"og:image:type\" content=\"image\/jpeg\" \/>\n<meta name=\"author\" content=\"Rosa\" \/>\n<meta name=\"twitter:card\" content=\"summary_large_image\" \/>\n<meta name=\"twitter:label1\" content=\"Escrit per\" \/>\n\t<meta name=\"twitter:data1\" content=\"Rosa\" \/>\n\t<meta name=\"twitter:label2\" content=\"Temps estimat de lectura\" \/>\n\t<meta name=\"twitter:data2\" content=\"3 minuts\" \/>\n<script type=\"application\/ld+json\" class=\"yoast-schema-graph\">{\"@context\":\"https:\/\/schema.org\",\"@graph\":[{\"@type\":\"Article\",\"@id\":\"https:\/\/b4mazubi.eu\/ca\/comienza-catazubi2022-fp-dual-a-alemanya\/#article\",\"isPartOf\":{\"@id\":\"https:\/\/b4mazubi.eu\/ca\/comienza-catazubi2022-fp-dual-a-alemanya\/\"},\"author\":{\"name\":\"Rosa\",\"@id\":\"https:\/\/b4mazubi.eu\/ca\/#\/schema\/person\/54754db3726e6d5c4be3a4923bcc930b\"},\"headline\":\"Comen\u00e7a CATAZUBI2022! &#8211; FP dual a Alemanya\",\"datePublished\":\"2021-12-15T10:49:41+00:00\",\"dateModified\":\"2022-08-19T11:17:47+00:00\",\"mainEntityOfPage\":{\"@id\":\"https:\/\/b4mazubi.eu\/ca\/comienza-catazubi2022-fp-dual-a-alemanya\/\"},\"wordCount\":558,\"publisher\":{\"@id\":\"https:\/\/b4mazubi.eu\/ca\/#organization\"},\"image\":{\"@id\":\"https:\/\/b4mazubi.eu\/ca\/comienza-catazubi2022-fp-dual-a-alemanya\/#primaryimage\"},\"thumbnailUrl\":\"\",\"articleSection\":[\"Not\u00edcies i Projectes B4M\"],\"inLanguage\":\"ca\"},{\"@type\":\"WebPage\",\"@id\":\"https:\/\/b4mazubi.eu\/ca\/comienza-catazubi2022-fp-dual-a-alemanya\/\",\"url\":\"https:\/\/b4mazubi.eu\/ca\/comienza-catazubi2022-fp-dual-a-alemanya\/\",\"name\":\"Comen\u00e7a CATAZUBI2022! - FP dual a Alemanya - B4M Azubi\",\"isPartOf\":{\"@id\":\"https:\/\/b4mazubi.eu\/ca\/#website\"},\"primaryImageOfPage\":{\"@id\":\"https:\/\/b4mazubi.eu\/ca\/comienza-catazubi2022-fp-dual-a-alemanya\/#primaryimage\"},\"image\":{\"@id\":\"https:\/\/b4mazubi.eu\/ca\/comienza-catazubi2022-fp-dual-a-alemanya\/#primaryimage\"},\"thumbnailUrl\":\"\",\"datePublished\":\"2021-12-15T10:49:41+00:00\",\"dateModified\":\"2022-08-19T11:17:47+00:00\",\"breadcrumb\":{\"@id\":\"https:\/\/b4mazubi.eu\/ca\/comienza-catazubi2022-fp-dual-a-alemanya\/#breadcrumb\"},\"inLanguage\":\"ca\",\"potentialAction\":[{\"@type\":\"ReadAction\",\"target\":[\"https:\/\/b4mazubi.eu\/ca\/comienza-catazubi2022-fp-dual-a-alemanya\/\"]}]},{\"@type\":\"ImageObject\",\"inLanguage\":\"ca\",\"@id\":\"https:\/\/b4mazubi.eu\/ca\/comienza-catazubi2022-fp-dual-a-alemanya\/#primaryimage\",\"url\":\"\",\"contentUrl\":\"\"},{\"@type\":\"BreadcrumbList\",\"@id\":\"https:\/\/b4mazubi.eu\/ca\/comienza-catazubi2022-fp-dual-a-alemanya\/#breadcrumb\",\"itemListElement\":[{\"@type\":\"ListItem\",\"position\":1,\"name\":\"Inicio\",\"item\":\"https:\/\/b4mazubi.eu\/ca\/\"},{\"@type\":\"ListItem\",\"position\":2,\"name\":\"Comen\u00e7a CATAZUBI2022! &#8211; FP dual a Alemanya\"}]},{\"@type\":\"WebSite\",\"@id\":\"https:\/\/b4mazubi.eu\/ca\/#website\",\"url\":\"https:\/\/b4mazubi.eu\/ca\/\",\"name\":\"B4M Azubi\",\"description\":\"Tu futuro profesional en Alemania y Austria\",\"publisher\":{\"@id\":\"https:\/\/b4mazubi.eu\/ca\/#organization\"},\"potentialAction\":[{\"@type\":\"SearchAction\",\"target\":{\"@type\":\"EntryPoint\",\"urlTemplate\":\"https:\/\/b4mazubi.eu\/ca\/?s={search_term_string}\"},\"query-input\":{\"@type\":\"PropertyValueSpecification\",\"valueRequired\":true,\"valueName\":\"search_term_string\"}}],\"inLanguage\":\"ca\"},{\"@type\":\"Organization\",\"@id\":\"https:\/\/b4mazubi.eu\/ca\/#organization\",\"name\":\"B4M Azubi\",\"url\":\"https:\/\/b4mazubi.eu\/ca\/\",\"logo\":{\"@type\":\"ImageObject\",\"inLanguage\":\"ca\",\"@id\":\"https:\/\/b4mazubi.eu\/ca\/#\/schema\/logo\/image\/\",\"url\":\"https:\/\/b4mazubi.eu\/wp-content\/uploads\/2022\/08\/B4M-Logo-lightBG.png\",\"contentUrl\":\"https:\/\/b4mazubi.eu\/wp-content\/uploads\/2022\/08\/B4M-Logo-lightBG.png\",\"width\":2504,\"height\":692,\"caption\":\"B4M Azubi\"},\"image\":{\"@id\":\"https:\/\/b4mazubi.eu\/ca\/#\/schema\/logo\/image\/\"},\"sameAs\":[\"https:\/\/www.facebook.com\/b4m.es\/\",\"https:\/\/www.instagram.com\/b4meurope\/\"]},{\"@type\":\"Person\",\"@id\":\"https:\/\/b4mazubi.eu\/ca\/#\/schema\/person\/54754db3726e6d5c4be3a4923bcc930b\",\"name\":\"Rosa\",\"url\":\"https:\/\/b4mazubi.eu\/ca\/author\/rsanchez\/\"}]}<\/script>\n<!-- \/ Yoast SEO plugin. -->","yoast_head_json":{"title":"Comen\u00e7a CATAZUBI2022! - FP dual a Alemanya - B4M Azubi","robots":{"index":"index","follow":"follow","max-snippet":"max-snippet:-1","max-image-preview":"max-image-preview:large","max-video-preview":"max-video-preview:-1"},"canonical":"https:\/\/b4mazubi.eu\/ca\/comienza-catazubi2022-fp-dual-a-alemanya\/","og_locale":"ca_ES","og_type":"article","og_title":"Comen\u00e7a CATAZUBI2022! - FP dual a Alemanya - B4M Azubi","og_description":"Aquesta setmana el projecte\u00a0CATAZUBI2022 ha fet el tret de sortida, oferint places de Formaci\u00f3 Professional dual als joves que vulguin [&hellip;]","og_url":"https:\/\/b4mazubi.eu\/ca\/comienza-catazubi2022-fp-dual-a-alemanya\/","og_site_name":"B4M Azubi","article_publisher":"https:\/\/www.facebook.com\/b4m.es\/","article_published_time":"2021-12-15T10:49:41+00:00","article_modified_time":"2022-08-19T11:17:47+00:00","og_image":[{"width":2294,"height":1155,"url":"https:\/\/b4mazubi.eu\/wp-content\/uploads\/2022\/10\/MainWeb.jpg","type":"image\/jpeg"}],"author":"Rosa","twitter_card":"summary_large_image","twitter_misc":{"Escrit per":"Rosa","Temps estimat de lectura":"3 minuts"},"schema":{"@context":"https:\/\/schema.org","@graph":[{"@type":"Article","@id":"https:\/\/b4mazubi.eu\/ca\/comienza-catazubi2022-fp-dual-a-alemanya\/#article","isPartOf":{"@id":"https:\/\/b4mazubi.eu\/ca\/comienza-catazubi2022-fp-dual-a-alemanya\/"},"author":{"name":"Rosa","@id":"https:\/\/b4mazubi.eu\/ca\/#\/schema\/person\/54754db3726e6d5c4be3a4923bcc930b"},"headline":"Comen\u00e7a CATAZUBI2022! &#8211; FP dual a Alemanya","datePublished":"2021-12-15T10:49:41+00:00","dateModified":"2022-08-19T11:17:47+00:00","mainEntityOfPage":{"@id":"https:\/\/b4mazubi.eu\/ca\/comienza-catazubi2022-fp-dual-a-alemanya\/"},"wordCount":558,"publisher":{"@id":"https:\/\/b4mazubi.eu\/ca\/#organization"},"image":{"@id":"https:\/\/b4mazubi.eu\/ca\/comienza-catazubi2022-fp-dual-a-alemanya\/#primaryimage"},"thumbnailUrl":"","articleSection":["Not\u00edcies i Projectes B4M"],"inLanguage":"ca"},{"@type":"WebPage","@id":"https:\/\/b4mazubi.eu\/ca\/comienza-catazubi2022-fp-dual-a-alemanya\/","url":"https:\/\/b4mazubi.eu\/ca\/comienza-catazubi2022-fp-dual-a-alemanya\/","name":"Comen\u00e7a CATAZUBI2022! - FP dual a Alemanya - B4M Azubi","isPartOf":{"@id":"https:\/\/b4mazubi.eu\/ca\/#website"},"primaryImageOfPage":{"@id":"https:\/\/b4mazubi.eu\/ca\/comienza-catazubi2022-fp-dual-a-alemanya\/#primaryimage"},"image":{"@id":"https:\/\/b4mazubi.eu\/ca\/comienza-catazubi2022-fp-dual-a-alemanya\/#primaryimage"},"thumbnailUrl":"","datePublished":"2021-12-15T10:49:41+00:00","dateModified":"2022-08-19T11:17:47+00:00","breadcrumb":{"@id":"https:\/\/b4mazubi.eu\/ca\/comienza-catazubi2022-fp-dual-a-alemanya\/#breadcrumb"},"inLanguage":"ca","potentialAction":[{"@type":"ReadAction","target":["https:\/\/b4mazubi.eu\/ca\/comienza-catazubi2022-fp-dual-a-alemanya\/"]}]},{"@type":"ImageObject","inLanguage":"ca","@id":"https:\/\/b4mazubi.eu\/ca\/comienza-catazubi2022-fp-dual-a-alemanya\/#primaryimage","url":"","contentUrl":""},{"@type":"BreadcrumbList","@id":"https:\/\/b4mazubi.eu\/ca\/comienza-catazubi2022-fp-dual-a-alemanya\/#breadcrumb","itemListElement":[{"@type":"ListItem","position":1,"name":"Inicio","item":"https:\/\/b4mazubi.eu\/ca\/"},{"@type":"ListItem","position":2,"name":"Comen\u00e7a CATAZUBI2022! &#8211; FP dual a Alemanya"}]},{"@type":"WebSite","@id":"https:\/\/b4mazubi.eu\/ca\/#website","url":"https:\/\/b4mazubi.eu\/ca\/","name":"B4M Azubi","description":"Tu futuro profesional en Alemania y Austria","publisher":{"@id":"https:\/\/b4mazubi.eu\/ca\/#organization"},"potentialAction":[{"@type":"SearchAction","target":{"@type":"EntryPoint","urlTemplate":"https:\/\/b4mazubi.eu\/ca\/?s={search_term_string}"},"query-input":{"@type":"PropertyValueSpecification","valueRequired":true,"valueName":"search_term_string"}}],"inLanguage":"ca"},{"@type":"Organization","@id":"https:\/\/b4mazubi.eu\/ca\/#organization","name":"B4M Azubi","url":"https:\/\/b4mazubi.eu\/ca\/","logo":{"@type":"ImageObject","inLanguage":"ca","@id":"https:\/\/b4mazubi.eu\/ca\/#\/schema\/logo\/image\/","url":"https:\/\/b4mazubi.eu\/wp-content\/uploads\/2022\/08\/B4M-Logo-lightBG.png","contentUrl":"https:\/\/b4mazubi.eu\/wp-content\/uploads\/2022\/08\/B4M-Logo-lightBG.png","width":2504,"height":692,"caption":"B4M Azubi"},"image":{"@id":"https:\/\/b4mazubi.eu\/ca\/#\/schema\/logo\/image\/"},"sameAs":["https:\/\/www.facebook.com\/b4m.es\/","https:\/\/www.instagram.com\/b4meurope\/"]},{"@type":"Person","@id":"https:\/\/b4mazubi.eu\/ca\/#\/schema\/person\/54754db3726e6d5c4be3a4923bcc930b","name":"Rosa","url":"https:\/\/b4mazubi.eu\/ca\/author\/rsanchez\/"}]}},"_links":{"self":[{"href":"https:\/\/b4mazubi.eu\/ca\/wp-json\/wp\/v2\/posts\/11448"}],"collection":[{"href":"https:\/\/b4mazubi.eu\/ca\/wp-json\/wp\/v2\/posts"}],"about":[{"href":"https:\/\/b4mazubi.eu\/ca\/wp-json\/wp\/v2\/types\/post"}],"author":[{"embeddable":true,"href":"https:\/\/b4mazubi.eu\/ca\/wp-json\/wp\/v2\/users\/2"}],"replies":[{"embeddable":true,"href":"https:\/\/b4mazubi.eu\/ca\/wp-json\/wp\/v2\/comments?post=11448"}],"version-history":[{"count":1,"href":"https:\/\/b4mazubi.eu\/ca\/wp-json\/wp\/v2\/posts\/11448\/revisions"}],"predecessor-version":[{"id":105591,"href":"https:\/\/b4mazubi.eu\/ca\/wp-json\/wp\/v2\/posts\/11448\/revisions\/105591"}],"wp:featuredmedia":[{"embeddable":true,"href":"https:\/\/b4mazubi.eu\/ca\/wp-json\/"}],"wp:attachment":[{"href":"https:\/\/b4mazubi.eu\/ca\/wp-json\/wp\/v2\/media?parent=11448"}],"wp:term":[{"taxonomy":"category","embeddable":true,"href":"https:\/\/b4mazubi.eu\/ca\/wp-json\/wp\/v2\/categories?post=11448"},{"taxonomy":"post_tag","embeddable":true,"href":"https:\/\/b4mazubi.eu\/ca\/wp-json\/wp\/v2\/tags?post=11448"}],"curies":[{"name":"wp","href":"https:\/\/api.w.org\/{rel}","templated":true}]}}